{"id":768,"date":"2020-04-13T11:56:49","date_gmt":"2020-04-13T09:56:49","guid":{"rendered":"http:\/\/ardiphotographies.fr\/?p=768"},"modified":"2021-03-01T16:53:00","modified_gmt":"2021-03-01T15:53:00","slug":"768","status":"publish","type":"post","link":"https:\/\/ardiphotographies.fr\/?p=768","title":{"rendered":""},"content":{"rendered":"\n<figure class=\"wp-block-image size-large is-resized\"><img loading=\"lazy\" src=\"http:\/\/ardiphotographies.fr\/wp-content\/uploads\/2020\/04\/BIGN-0003-ARDI-1024x691.jpg\" alt=\"\" class=\"wp-image-767\" width=\"1024\" height=\"691\" srcset=\"https:\/\/ardiphotographies.fr\/wp-content\/uploads\/2020\/04\/BIGN-0003-ARDI-1024x691.jpg 1024w, https:\/\/ardiphotographies.fr\/wp-content\/uploads\/2020\/04\/BIGN-0003-ARDI-300x202.jpg 300w, https:\/\/ardiphotographies.fr\/wp-content\/uploads\/2020\/04\/BIGN-0003-ARDI-150x101.jpg 150w, https:\/\/ardiphotographies.fr\/wp-content\/uploads\/2020\/04\/BIGN-0003-ARDI-768x518.jpg 768w, https:\/\/ardiphotographies.fr\/wp-content\/uploads\/2020\/04\/BIGN-0003-ARDI-1536x1036.jpg 1536w, https:\/\/ardiphotographies.fr\/wp-content\/uploads\/2020\/04\/BIGN-0003-ARDI.jpg 2000w\" sizes=\"(max-width: 706px) 89vw, (max-width: 767px) 82vw, 740px\" \/><figcaption><em>Fernand Bignon, le rideau de fr\u00eanes, 1928, tirage bromure, 27 x 35 cm, coll. Ardi &#8211; Caen.<\/em><\/figcaption><\/figure>\n\n\n\n<p class=\"has-drop-cap\">En ce printemps 2020, ces 2 petites filles &#8211; l\u00e0 auraient respectivement 100 et 98 ans.<br>Elles connaitront la guerre, les caves, la peur des bombes, la tuberculose qui ravage. Elles ne le savent pas encore.<br>Sur cette photo, le &nbsp;soleil est pr\u00e9sent sous une forme de diagonale ou de frise qui croise deux autres diagonales: celles fuyantes des chemins. Elles forment un toit naturel protecteur \u00e0 leurs jeux enfantins.<br>Les petites &nbsp;auront servi de mod\u00e8les toute leur vie \u00e0 leur papa photographe et cin\u00e9aste.<\/p>\n\n\n\n<p>Donn\u00e9e \u00e0 L\u2019 ARDI, depuis une d\u00e9cennie, la photo vit, revit et les petites aussi. Elles voyagent en lieux s\u00fbrs, gr\u00e2ce \u00e0 cette association \u00e0 qui on peut accorder toute confiance pour &nbsp;ses conseils, sa gentillesse et surtout &nbsp;sa comp\u00e9tence et son professionnalisme.&nbsp;<\/p>\n\n\n\n<p class=\"has-text-align-right has-normal-font-size\"><em>Fr\u00e9d\u00e9rique Closier, petite-fille du photographe Fernand Bignon<\/em><br><br><br><br><\/p>\n\n\n\n<p class=\"has-drop-cap has-text-align-left has-normal-font-size\">Annette et Fernande, la composition et la grande d\u00e9licatesse d&rsquo;un noir et blanc tout en nuances, et l&rsquo;intimit\u00e9 des deux enfants qui sont sans doute dans un autre monde, une photo simple, sinc\u00e8re, un plein \u00e9quilibre&#8230;. On est loin de l&rsquo;instant d\u00e9cisif car on sent que le temps est suspendu, un monde d&rsquo;enfant intemporel.<\/p>\n\n\n\n<p class=\"has-text-align-right\"><em>Claude Boisnard<\/em><\/p>\n","protected":false},"excerpt":{"rendered":"<p>En ce printemps 2020, ces 2 petites filles &#8211; l\u00e0 auraient respectivement 100 et 98 ans.Elles connaitront la guerre, les caves, la peur des bombes, la tuberculose qui ravage. Elles ne le savent pas encore.Sur cette photo, le &nbsp;soleil est pr\u00e9sent sous une forme de diagonale ou de frise qui croise deux autres diagonales: celles &hellip; <\/p>\n<p class=\"link-more\"><a href=\"https:\/\/ardiphotographies.fr\/?p=768\" class=\"more-link\">Continuer la lecture<span class=\"screen-reader-text\"> de &laquo;&nbsp;&nbsp;&raquo;<\/span><\/a><\/p>\n","protected":false},"author":1,"featured_media":0,"comment_status":"closed","ping_status":"closed","sticky":false,"template":"","format":"standard","meta":[],"categories":[5,34],"tags":[],"_links":{"self":[{"href":"https:\/\/ardiphotographies.fr\/index.php?rest_route=\/wp\/v2\/posts\/768"}],"collection":[{"href":"https:\/\/ardiphotographies.fr\/index.php?rest_route=\/wp\/v2\/posts"}],"about":[{"href":"https:\/\/ardiphotographies.fr\/index.php?rest_route=\/wp\/v2\/types\/post"}],"author":[{"embeddable":true,"href":"https:\/\/ardiphotographies.fr\/index.php?rest_route=\/wp\/v2\/users\/1"}],"replies":[{"embeddable":true,"href":"https:\/\/ardiphotographies.fr\/index.php?rest_route=%2Fwp%2Fv2%2Fcomments&post=768"}],"version-history":[{"count":7,"href":"https:\/\/ardiphotographies.fr\/index.php?rest_route=\/wp\/v2\/posts\/768\/revisions"}],"predecessor-version":[{"id":775,"href":"https:\/\/ardiphotographies.fr\/index.php?rest_route=\/wp\/v2\/posts\/768\/revisions\/775"}],"wp:attachment":[{"href":"https:\/\/ardiphotographies.fr\/index.php?rest_route=%2Fwp%2Fv2%2Fmedia&parent=768"}],"wp:term":[{"taxonomy":"category","embeddable":true,"href":"https:\/\/ardiphotographies.fr\/index.php?rest_route=%2Fwp%2Fv2%2Fcategories&post=768"},{"taxonomy":"post_tag","embeddable":true,"href":"https:\/\/ardiphotographies.fr\/index.php?rest_route=%2Fwp%2Fv2%2Ftags&post=768"}],"curies":[{"name":"wp","href":"https:\/\/api.w.org\/{rel}","templated":true}]}}