{"id":1214,"date":"2010-06-19T16:34:30","date_gmt":"2010-06-19T14:34:30","guid":{"rendered":"https:\/\/ardiphotographies.fr\/?p=1214"},"modified":"2020-11-10T11:32:52","modified_gmt":"2020-11-10T10:32:52","slug":"fernand-bignon-photographe-et-cineaste","status":"publish","type":"post","link":"https:\/\/ardiphotographies.fr\/?p=1214","title":{"rendered":"Fernand Bignon, photographe et cin\u00e9aste."},"content":{"rendered":"\n<figure class=\"wp-block-image size-large\"><img loading=\"lazy\" width=\"1024\" height=\"658\" src=\"https:\/\/ardiphotographies.fr\/wp-content\/uploads\/2020\/11\/Boite06-Plaque05-Bords-de-lOrne-1024x658.jpg\" alt=\"\" class=\"wp-image-1217\" srcset=\"https:\/\/ardiphotographies.fr\/wp-content\/uploads\/2020\/11\/Boite06-Plaque05-Bords-de-lOrne-1024x658.jpg 1024w, https:\/\/ardiphotographies.fr\/wp-content\/uploads\/2020\/11\/Boite06-Plaque05-Bords-de-lOrne-300x193.jpg 300w, https:\/\/ardiphotographies.fr\/wp-content\/uploads\/2020\/11\/Boite06-Plaque05-Bords-de-lOrne-150x96.jpg 150w, https:\/\/ardiphotographies.fr\/wp-content\/uploads\/2020\/11\/Boite06-Plaque05-Bords-de-lOrne-768x493.jpg 768w, https:\/\/ardiphotographies.fr\/wp-content\/uploads\/2020\/11\/Boite06-Plaque05-Bords-de-lOrne-1536x986.jpg 1536w, https:\/\/ardiphotographies.fr\/wp-content\/uploads\/2020\/11\/Boite06-Plaque05-Bords-de-lOrne-2048x1315.jpg 2048w\" sizes=\"(max-width: 706px) 89vw, (max-width: 767px) 82vw, 740px\" \/><figcaption>Fernand Bignon, bord de l&rsquo;Orne, 1926, tirage au bromure, 18,2 x 28,5, coll. Famille Bignon. <\/figcaption><\/figure>\n\n\n\n<p class=\"has-drop-cap\">L \u2019\u0153uvre de Fernand Bignon (1888 \u2013 1969), photographe et cin\u00e9aste normand, pr\u00e9sente une formidable synth\u00e8se photographique de l\u2019art pictural d\u00e9velopp\u00e9 par les Impressionnistes fran\u00e7ais, mais \u00e9galement par les paysagistes anglais ou les peintres flamands. Le dialogue entre photographie et&nbsp;peinture aboutit \u00e0 la fin du XIXe si\u00e8cle \u00e0 la cr\u00e9ation du courant pictorialiste, auquel on peut rattacher Fernand Bignon en ce qu\u2019il d\u00e9veloppe un art reproduisant les effets de la peinture \u00e0 travers les moyens m\u00e9caniques et chimiques propres au m\u00e9dium photographique.<\/p>\n\n\n\n<p>Agriculteur \u00e0 Mutr\u00e9cy (Calvados) entre 1918 et 1931, il y pratique, en amateur, et souvent au d\u00e9triment de son exploitation agricole, une photographie artistique de qualit\u00e9, nouant des liens avec quelques-uns des grands photographes de son \u00e9poque (Puyo,Emerson\u2026). Ceux-ci lui ouvrent&nbsp;les portes des salons de photographiesen France et \u00e0 l\u2019\u00e9tranger o\u00f9il expose r\u00e9guli\u00e8rement, recevantm\u00e9dailles et prix.Fernand Bignon utilise de petitsformats, propres \u00e0 la pr\u00e9ciosit\u00e9de ses sujets, adoptant des compositions tr\u00e8s soign\u00e9es o\u00f9 le&nbsp;temps semble suspendu.&nbsp;Les paysages normands, de lavall\u00e9e de la Seine au Cotentins\u2019accordent parfaitement \u00e0 ses choix esth\u00e9tiques : il travaille \u00e0 l\u2019extr\u00eame les effets de lumi\u00e8res, s\u2019appuyant sur les saisons (la neige, le brouillard, la douceur d\u2019une lumi\u00e8re\u2026), les motifs naturels (les arbres, l\u2019eau\u2026), le quotidien qui l\u2019entoure (les promenades&nbsp;familiales, les jeux de ses filles, lestravaux de la ferme\u2026).<\/p>\n\n\n\n<p>Le fait que Fernand Bignon soit dans les ann\u00e9es 30 devenu photographe professionnel \u00e0 Gisors dans l\u2019Eure, et qu\u2019il se soit passionn\u00e9 pour le cin\u00e9ma amateur est un heureux et dynamique compl\u00e9ment \u00e0 sa pratique de l\u2019image fixe. Il&nbsp;entrer le mouvement et la fiction dans les images de FernandBignon qui pose un regard sur le monde qui l\u2019entoure un regard plein de&nbsp;fantaisie, d\u2019ing\u00e9niosit\u00e9 et de sensibilit\u00e9. Photographe et cin\u00e9aste, Fernand Bignon traversera sa vie&nbsp;avec, \u00e0 la main, un appareil photo ou une cam\u00e9ra 8 mm.&nbsp;<\/p>\n\n\n\n<p><strong>Commissaires<\/strong><br>H\u00e9l\u00e8ne Decaen Le Boulanger, Mus\u00e9e Villa Montebello.<br>C\u00e9line Ernaelsteen, assist\u00e9e de Lily Harel, Ardi &#8211; Photographies.<br>Didier Mouchel, Mission Photo, P\u00f4le Image Haute-Normandie.<br>Agn\u00e8s Deleforge, M\u00e9moire audiovisuelle et cin\u00e9matographique, P\u00f4le Image Haute-Normandie.<\/p>\n\n\n\n<p><\/p>\n\n\n\n<p><strong>Fernand&nbsp;Bignon, photographe et cin\u00e9aste.<\/strong><br>Festival Normandie Impressionniste 2010.<strong><br><\/strong>Mus\u00e9e Villa Montebello, Trouville-sur-Mer.<br>19 juin &#8211; 3 octobre 2010.<\/p>\n\n\n\n<p><strong>Exposition avec <a href=\"https:\/\/www.cahiersdutemps.fr\/fernand-bignon-f153967.html\">catalogue<\/a><br><\/strong>Textes de<a href=\"https:\/\/ardiphotographies.fr\/?p=1221\"> Fr\u00e9d\u00e9rique Closier et C\u00e9line Ernaelsteen,<\/a> Julien Faure-Conorton, Didier Mouchel et Val\u00e9rie Vignaux.<br>Editions Les cahiers du Temps, 120 pages, ISBN 978-2-35507-026-6, 20 \u20ac.<\/p>\n","protected":false},"excerpt":{"rendered":"<p>L \u2019\u0153uvre de Fernand Bignon (1888 \u2013 1969), photographe et cin\u00e9aste normand, pr\u00e9sente une formidable synth\u00e8se photographique de l\u2019art pictural d\u00e9velopp\u00e9 par les Impressionnistes fran\u00e7ais, mais \u00e9galement par les paysagistes anglais ou les peintres flamands. Le dialogue entre photographie et&nbsp;peinture aboutit \u00e0 la fin du XIXe si\u00e8cle \u00e0 la cr\u00e9ation du courant pictorialiste, auquel on &hellip; <\/p>\n<p class=\"link-more\"><a href=\"https:\/\/ardiphotographies.fr\/?p=1214\" class=\"more-link\">Continuer la lecture<span class=\"screen-reader-text\"> de &laquo;&nbsp;Fernand Bignon, photographe et cin\u00e9aste.&nbsp;&raquo;<\/span><\/a><\/p>\n","protected":false},"author":1,"featured_media":0,"comment_status":"closed","ping_status":"closed","sticky":false,"template":"","format":"standard","meta":[],"categories":[6,3,29],"tags":[],"_links":{"self":[{"href":"https:\/\/ardiphotographies.fr\/index.php?rest_route=\/wp\/v2\/posts\/1214"}],"collection":[{"href":"https:\/\/ardiphotographies.fr\/index.php?rest_route=\/wp\/v2\/posts"}],"about":[{"href":"https:\/\/ardiphotographies.fr\/index.php?rest_route=\/wp\/v2\/types\/post"}],"author":[{"embeddable":true,"href":"https:\/\/ardiphotographies.fr\/index.php?rest_route=\/wp\/v2\/users\/1"}],"replies":[{"embeddable":true,"href":"https:\/\/ardiphotographies.fr\/index.php?rest_route=%2Fwp%2Fv2%2Fcomments&post=1214"}],"version-history":[{"count":6,"href":"https:\/\/ardiphotographies.fr\/index.php?rest_route=\/wp\/v2\/posts\/1214\/revisions"}],"predecessor-version":[{"id":1226,"href":"https:\/\/ardiphotographies.fr\/index.php?rest_route=\/wp\/v2\/posts\/1214\/revisions\/1226"}],"wp:attachment":[{"href":"https:\/\/ardiphotographies.fr\/index.php?rest_route=%2Fwp%2Fv2%2Fmedia&parent=1214"}],"wp:term":[{"taxonomy":"category","embeddable":true,"href":"https:\/\/ardiphotographies.fr\/index.php?rest_route=%2Fwp%2Fv2%2Fcategories&post=1214"},{"taxonomy":"post_tag","embeddable":true,"href":"https:\/\/ardiphotographies.fr\/index.php?rest_route=%2Fwp%2Fv2%2Ftags&post=1214"}],"curies":[{"name":"wp","href":"https:\/\/api.w.org\/{rel}","templated":true}]}}